{"id":98,"date":"2011-07-28T20:28:30","date_gmt":"2011-07-28T22:28:30","guid":{"rendered":"http:\/\/www.pastorjoao.com.br\/123\/?p=98"},"modified":"2011-08-10T13:28:07","modified_gmt":"2011-08-10T15:28:07","slug":"os-tres-pecados-da-lideranca","status":"publish","type":"post","link":"https:\/\/www.pastorjoaodesouza.com.br\/123\/?p=98","title":{"rendered":"Os Tr\u00eas Pecados da Lideran\u00e7a"},"content":{"rendered":"<p style=\"text-align: justify;\">\u201cAi deles! Porque prosseguiram pelo caminho de Caim, e, movidos de gan\u00e2ncia, se precipitaram no erro de Bala\u00e3o, e pereceram na revolta de Cor\u00e1\u201d (Judas 11).<\/p>\n<p style=\"text-align: justify;\">Estamos assistindo a um festival de pecado perpetrado por pessoas que se consideram l\u00edderes da igreja brasileira. Eu estava refletindo sobre os pecados dos l\u00edderes da igreja \u2013\u00a0 pecados a que todos estamos sujeitos \u2013 e que nesses dias t\u00eam sido destaque da imprensa brasileira. Enquanto me exercitava, caminhando pelo bairro, deixei escapar um clamor a Deus, suplicando que me ajude a n\u00e3o cair em tenta\u00e7\u00e3o; pois foi ele que nos ensinou a orar assim, e que me livre do Maligno.<\/p>\n<p style=\"text-align: justify;\">O primeiro pecado \u00e9 cometido intencionalmente. O pecado proposital. Este \u00e9 o caso de Caim: ele pecou propositalmente. Deus o advertiu de antem\u00e3o de que devia se desviar do mal e n\u00e3o cometer nenhum desatino. Esta a raz\u00e3o de sua oferta ser rejeitada e a de Abel aceita. Deus lhe disse: \u201cSe procederes bem, n\u00e3o \u00e9 certo que ser\u00e1s aceito? Se, todavia, procederes mal, eis que o pecado jaz \u00e0 porta; o seu desejo ser\u00e1 contra ti, mas a ti cumpre domin\u00e1-lo\u201d. Nestas palavras de Deus a Caim encontramos a raz\u00e3o de sua oferta n\u00e3o haver sido aceita. Ele j\u00e1 planejava assassinar seu irm\u00e3o.<\/p>\n<p style=\"text-align: justify;\">Quando um obreiro alimenta desejos pecaminosos, cedo ou tarde cair\u00e1. O pecado n\u00e3o surge de repente \u2013 um momento de deslize \u2013 bem ao contr\u00e1rio, ele \u00e9 alimentado todos os dias em seu cora\u00e7\u00e3o, em seus pensamentos. Quando surge a oportunidade, l\u00e1 est\u00e1 o homem de Deus pecando. Assemelha-se aquele comercial antigo: provoque a sede at\u00e9 n\u00e3o poder mais: depois \u00e9 s\u00f3 beber. Os grandes pregadores televisivos dos Estados Unidos ca\u00edram desta maneira, e alguns dos famosos pregadores que circulam por mega-eventos denominacionais aqui do Brasil s\u00e3o suspeitos de adult\u00e9rio e prostitui\u00e7\u00e3o. \u00c9 o pecado de Caim.<\/p>\n<p style=\"text-align: justify;\">O segundo pecado \u00e9 o da rebeli\u00e3o, muito bem exemplificado na figura de Cor\u00e1, que liderou duzentos e cinq\u00fcenta l\u00edderes de Israel num motim contra Mois\u00e9s. Ele alegou que Mois\u00e9s n\u00e3o era o \u00fanico que ouvia de Deus; que Deus tamb\u00e9m os usava poderosamente no minist\u00e9rio. E Mois\u00e9s n\u00e3o podia ser l\u00edder sozinho; o povo os reconhecia tamb\u00e9m como l\u00edderes espirituais. A impress\u00e3o que se tem \u00e9 que, quanto mais espiritual o l\u00edder, mais rebelde se torna; sim, porque a rebeli\u00e3o verdadeira costuma se esconder sob a capa da espiritualidade; sob o argumento de que tamb\u00e9m Deus fala com a pessoa; de que o povo os t\u00eam como l\u00edderes, etc.<\/p>\n<p style=\"text-align: justify;\">E a rebeli\u00e3o \u00e9 um princ\u00edpio de Satan\u00e1s. Muitas novas congrega\u00e7\u00f5es ou igrejas t\u00eam surgido sob o princ\u00edpio do diabo, com a alega\u00e7\u00e3o de que Deus est\u00e1 no controle de tudo. Afinal, dizem, somos homens (ou mulheres) de Deus e temos um compromisso com a verdade. Alega\u00e7\u00e3o justa, se n\u00e3o estivesse debaixo da cobertura da rebeli\u00e3o. Este o pecado de Cor\u00e1.<\/p>\n<p style=\"text-align: justify;\">O terceiro pecado que costuma afetar os l\u00edderes da igreja \u00e9 o de Bala\u00e3o. \u201cMovidos de gan\u00e2ncia\u201d, diz Judas, esses l\u00edderes usam a espiritualidade, os dons de Deus, os dons espirituais, a capacidade de lideran\u00e7a para auferir ou obter lucros pessoais; para enriquecimento il\u00edcito. \u00c0 guisa de recolher dinheiro para se fazer a obra de Deus, usa-se dos recursos financeiros para enriquecimento pessoal. Temos que admitir: quando uma pessoa \u00e9 usada poderosamente com os dons de Deus ela tende a ser famosa. E n\u00e3o existe nada de errado em ficar famoso; o problema \u00e9 quando a fama n\u00e3o \u00e9 bem administrada, e o obreiro passa a cobrar valores enormes para ministrar nas igrejas, a ponto de desprezar as igrejinhas menores que n\u00e3o podem arcar com as despesas do obreiro famoso.<\/p>\n<p style=\"text-align: justify;\">Quase sempre, os famosos pregadores que conseguem se proteger do pecado de Caim, e n\u00e3o incorrem no pecado de Cor\u00e1, acabam por cair no de Bala\u00e3o, porque este pecado \u00e9 muito sutil. Assim, os pregadores famosos do Brasil est\u00e3o cobrando pre\u00e7os exorbitantes para ministrar em algum lugar, e quando n\u00e3o s\u00e3o convidados (porque o cach\u00ea \u00e9 alto), arrumam uma maneira deles pr\u00f3prios fazerem suas confer\u00eancias nas cidades, recolhendo ofertas, levando seu material (livros, fitas, v\u00eddeos, toda a livraria ambulante), dilapidando o povo com suas promo\u00e7\u00f5es e ofertas especiais. Promovendo-se por tr\u00e1s de jogadores de futebol famosos e de pol\u00edticos. Com que argumenta\u00e7\u00e3o? Argumentando que Deus os coloca entre os pr\u00edncipes e reis para proclamar o reino de Deus! Mas acabam proclamando seu pr\u00f3prio reino!<\/p>\n<p style=\"text-align: justify;\">O pecado de Bala\u00e3o \u00e9 sutil; porque o pregador Bala\u00e3o continua fluindo nos dons de Deus \u2013 n\u00e3o foi assim que aconteceu com o verdadeiro Bala\u00e3o? Ele s\u00f3 falou coisas divinas, corretas; falou diretamente do cora\u00e7\u00e3o de Deus, mas levou a grana de Balaque, porque soube apontar ao rei o caminho que traria maldi\u00e7\u00e3o sobre o povo de Deus.<\/p>\n<p style=\"text-align: justify;\">\u00c9 assim que os Bala\u00f5es continuam ministrando: eles t\u00eam dons especiais; t\u00eam orat\u00f3ria, contam hist\u00f3rias, sabem trabalhar com a emo\u00e7\u00e3o das pessoas, e\u00a0 conseguem se enriquecer rapidamente. Se o Minist\u00e9rio P\u00fablico investigar, mais gente ser\u00e1 processada e indo parar no xilindr\u00f3.<\/p>\n<p style=\"text-align: justify;\">N\u00e3o sei se lamento pelo que aconteceu ao Estevan Hernandes e sua mulher, a bispa S\u00f4nia que j\u00e1 apareceu na revista Caras e aparece num CD com um casaco de pele de Marta. At\u00e9 o momento, confesso, n\u00e3o consegui orar pela liberta\u00e7\u00e3o deles; n\u00e3o que minha intercess\u00e3o v\u00e1 libert\u00e1-los da cadeia, ou de que eu seja t\u00e3o importante diante de Deus que interfira a favor deles; mas gente, Deus tem que fazer uma limpeza na sua igreja. Eles \u2013 como tantos outros &#8211; \u00a0enriqueceram rapidamente e usam o minist\u00e9rio para ganhar dinheiro. S\u00f3 fa\u00e7o uma ora\u00e7\u00e3o: Que se arrependam de seus pecados. Que reconhe\u00e7am seus erros. Que se humilhem diante de Deus, e que devolvam tudo para os pobres!<\/p>\n<p style=\"text-align: justify;\">Faz pouco tempo que escrevi num artigo que quando Jesus terminasse de aprontar seu azorrague ia ser aquela correria! E que ponham a barba de molho os pregadores que est\u00e3o todos os dias na televis\u00e3o; que levantam ofertas pela tev\u00ea; que amealham recursos para comprar pr\u00e9dios \u2013 como se Deus deles precisasse. At\u00e9 imagino qual deles ser\u00e1 a \u201cbola da vez\u201d.<\/p>\n<p style=\"text-align: justify;\">Esta prega\u00e7\u00e3o de que somos pr\u00f3speros e ricos em Cristo \u00e9 muito sutil. E, perdoem-me os amigos pregadores \u2013 eu tamb\u00e9m viajo por todo o pa\u00eds pregando o evangelho e promovendo avivamento &#8211; a prosperidade \u00e9 s\u00f3 do lado de quem a prega. Existe uma prosperidade natural que vem pela pr\u00e1tica do evangelho, mas ela n\u00e3o \u00e9 repentina; ela vem com o progresso do evangelho e se reflete na prosperidade da na\u00e7\u00e3o. Se a na\u00e7\u00e3o melhora, todos melhoramos. Muitos dos novos crist\u00e3os grandemente aquinhoados com riqueza laboraram duramente para alcan\u00e7ar o status social que ostentam. Diferentemente de certos pregadores&#8230;<\/p>\n<p style=\"text-align: justify;\">Mas, a maioria dos pregadores pode at\u00e9 se aposentar, porque enriqueceram rapidamente negociando com sabedoria e intelig\u00eancia os dons que Deus lhes deu. Mas, n\u00e3o foi o que aconteceu com Bala\u00e3o: ele morreu pelas m\u00e3os de Josu\u00e9 anos depois. Os que escaparem dos Josu\u00e9s modernos (O Minist\u00e9rio P\u00fablico que ca\u00e7a os corruptos), ir\u00e3o cair debaixo do azorrague de Jesus. E n\u00e3o haver\u00e1 escape: nesta hora de nada adianta levantar um clamor e gritar: \u201cEspada do Senhor&#8230;\u201d. A espada \u00e9 do Senhor contra os que procedem erroneamente.<\/p>\n<p style=\"text-align: justify;\">E o azorrague est\u00e1 pronto.<\/p>\n","protected":false},"excerpt":{"rendered":"<p>\u201cAi deles! Porque prosseguiram pelo caminho de Caim, e, movidos de gan\u00e2ncia, se precipitaram no erro de Bala\u00e3o, e pereceram na revolta de Cor\u00e1\u201d (Judas 11). Estamos assistindo a um&hellip; <\/p>\n","protected":false},"author":1,"featured_media":1953,"comment_status":"open","ping_status":"open","sticky":false,"template":"","format":"standard","meta":{"footnotes":""},"categories":[27],"tags":[29,68,18,23,40],"class_list":["post-98","post","type-post","status-publish","format-standard","has-post-thumbnail","hentry","category-pastoreamento-de-pastores","tag-falsos-profetas","tag-lideranca","tag-mercantilismo-da-fe","tag-pregadores","tag-rumos-da-igreja"],"_links":{"self":[{"href":"https:\/\/www.pastorjoaodesouza.com.br\/123\/index.php?rest_route=\/wp\/v2\/posts\/98","targetHints":{"allow":["GET"]}}],"collection":[{"href":"https:\/\/www.pastorjoaodesouza.com.br\/123\/index.php?rest_route=\/wp\/v2\/posts"}],"about":[{"href":"https:\/\/www.pastorjoaodesouza.com.br\/123\/index.php?rest_route=\/wp\/v2\/types\/post"}],"author":[{"embeddable":true,"href":"https:\/\/www.pastorjoaodesouza.com.br\/123\/index.php?rest_route=\/wp\/v2\/users\/1"}],"replies":[{"embeddable":true,"href":"https:\/\/www.pastorjoaodesouza.com.br\/123\/index.php?rest_route=%2Fwp%2Fv2%2Fcomments&post=98"}],"version-history":[{"count":0,"href":"https:\/\/www.pastorjoaodesouza.com.br\/123\/index.php?rest_route=\/wp\/v2\/posts\/98\/revisions"}],"wp:featuredmedia":[{"embeddable":true,"href":"https:\/\/www.pastorjoaodesouza.com.br\/123\/index.php?rest_route=\/wp\/v2\/media\/1953"}],"wp:attachment":[{"href":"https:\/\/www.pastorjoaodesouza.com.br\/123\/index.php?rest_route=%2Fwp%2Fv2%2Fmedia&parent=98"}],"wp:term":[{"taxonomy":"category","embeddable":true,"href":"https:\/\/www.pastorjoaodesouza.com.br\/123\/index.php?rest_route=%2Fwp%2Fv2%2Fcategories&post=98"},{"taxonomy":"post_tag","embeddable":true,"href":"https:\/\/www.pastorjoaodesouza.com.br\/123\/index.php?rest_route=%2Fwp%2Fv2%2Ftags&post=98"}],"curies":[{"name":"wp","href":"https:\/\/api.w.org\/{rel}","templated":true}]}}