{"id":698,"date":"2009-01-06T16:49:11","date_gmt":"2009-01-06T18:49:11","guid":{"rendered":"http:\/\/www.pastorjoao.com.br\/123\/?p=698"},"modified":"2010-12-06T16:50:20","modified_gmt":"2010-12-06T18:50:20","slug":"salmo-90-1-17","status":"publish","type":"post","link":"https:\/\/www.pastorjoaodesouza.com.br\/123\/?p=698","title":{"rendered":"Salmo 90.1-17"},"content":{"rendered":"<p style=\"text-align: justify;\">Serm\u00e3o textual. Este Salmo cont\u00e9m apenas dezessete vers\u00edculos, e pode ser pregado num serm\u00e3o textual, expositivo. O autor \u00e9 Mois\u00e9s, que pode ter escrito tamb\u00e9m o Salmo 91. O Salmo 90 abre o quarto livro que v\u00e3o dos Salmos 90 ao 106 e corresponde ao livro de N\u00fameros. Os salmos neste quarto livro falam sempre de \u201cn\u00fameros\u201d, de dias, meses, anos, etc. Veja o resumo dos Salmos no t\u00edtulo: A Estrutura dos Cinco Livros&#8230;<\/p>\n<p style=\"text-align: justify;\">1. Mois\u00e9s fala da eternidade de Deus. \u201cAntes que os montes nascessem e se formassem a terra e o mundo, de eternidade a eternidade, tu \u00e9s Deus\u201d (v.2). Mois\u00e9s comenta t\u00e3o pouco sobre a eternidade! O que \u00e9 grande demais nem pode ser comentado!<\/p>\n<p style=\"text-align: justify;\">2. Depois ele fala da brevidade do homem: (v.3-12). Requer de Mois\u00e9s mais reflex\u00e3o! Pedro tamb\u00e9m se engaja com Mois\u00e9s e fala dessa brevidade do homem:<\/p>\n<p style=\"text-align: justify;\">Esta brevidade da vida foi comentada pelos homens de Deus do passado:<\/p>\n<p style=\"text-align: justify;\">\u201cH\u00e1, todavia, uma coisa, amados, que n\u00e3o deveis esquecer: que, para o Senhor, um dia \u00e9 como mil anos, e mil anos, como um dia\u201d (2 Pe 3.8).<\/p>\n<p style=\"text-align: justify;\">\u201cPois toda carne \u00e9 como a erva, e toda a sua gl\u00f3ria, como a flor da erva; seca-se a erva, e cai a sua flor; a palavra do Senhor, por\u00e9m, permanece eternamente. Ora, esta \u00e9 a palavra que vos foi evangelizada\u201d (1 Pe 1.24-25). \u00c9 uma cita\u00e7\u00e3o de Isa\u00edas 40.<\/p>\n<p style=\"text-align: justify;\">\u201cUma voz diz: Clama; e algu\u00e9m pergunta: Que hei de clamar? Toda a carne \u00e9 erva, e toda a sua gl\u00f3ria, como a flor da erva; seca-se a erva, e caem as flores, soprando nelas o h\u00e1lito do SENHOR. Na verdade, o povo \u00e9 erva; seca-se a erva, e cai a sua flor, mas a palavra de nosso Deus permanece eternamente.\u201d (Is 40.6-8).<\/p>\n<p style=\"text-align: justify;\">\u201cQuanto ao homem, os seus dias s\u00e3o como a relva; como a flor do campo, assim ele floresce; pois, soprando nela o vento, desaparece; e n\u00e3o conhecer\u00e1, da\u00ed em diante, o seu lugar. Mas a miseric\u00f3rdia do SENHOR \u00e9 de eternidade a eternidade, sobre os que o temem, e a sua justi\u00e7a, sobre os filhos dos filhos, para com os que guardam a sua alian\u00e7a e para com os que se lembram dos seus preceitos e os cumprem\u201d (Sl 103.15-18).<\/p>\n<p style=\"text-align: justify;\">3. Mois\u00e9s compara a eternidade de Deus com a brevidade do homem na terra! As compara\u00e7\u00f5es de Mois\u00e9s: (a) Nossa vida \u00e9 como alguma coisa levada pela torrente; como um rio leva a folha para o mar! (b) Como um sono; (c) A planta que nasce, viceja e morre!<\/p>\n<p style=\"text-align: justify;\">4. Mois\u00e9s calcula o tempo que o povo viver\u00e1 no deserto. Deus avisou que toda aquela gera\u00e7\u00e3o que tinha de vinte anos para cima ao sair do Egito morreria no deserto. Por isso o c\u00e1lculo dos setenta e oitenta anos! (Quem tinha 40 anos, chegar\u00e1 no m\u00e1ximo a oitenta!). \u00e9 disto que Mois\u00e9s est\u00e1 tratando.<\/p>\n<p style=\"text-align: justify;\">5. O cerne da ora\u00e7\u00e3o de Mois\u00e9s vai dos vers\u00edculos 12 ao 17.<\/p>\n<p style=\"text-align: justify;\">Vers\u00edculo chave: v. 12: Salmo 90.12: Ensina-nos a contar. N\u00e3o \u00e9 que ele fosse analfabeto. Ele queria sabedoria para desfrutar cada dia de sua vida. Cont a os nossos dias como se hoje fosse o \u00faltimo dia de nossa vida.<\/p>\n<p style=\"text-align: justify;\">Os escritores b\u00edblicos j\u00e1 fizeram esta reflex\u00e3o por n\u00f3s. Portanto, resta-nos refletir sobre o que eles refletiram. Nada h\u00e1 de novo, a n\u00e3o ser entender o que eles disseram.<\/p>\n<p style=\"text-align: justify;\">1. Reconhecer que somos mortais, que nosso futuro \u00e9 incerto e que devemos colocar nossas vidas nas m\u00e3os de Deus! C\/ v. 11. \u201cNingu\u00e9m tirou a medida da ira de Deus, mas cada pessoa deve conhecer a medida dos seus dias, sen\u00e3o, agir\u00e1 como tolo arrogante, sem pensar na sua mortalidade, nem da necessidade de prestar contas a Deus.\u201d (NVI). Ver<\/p>\n<p style=\"text-align: justify;\">Salmo 49 todo! \u00c9 o que pensam os \u00edmpios! Salmo 73.4-12<\/p>\n<p style=\"text-align: justify;\">Davi orou: \u201cD\u00e1-me a conhecer, SENHOR, o meu fim e qual a soma dos meus dias, para que eu reconhe\u00e7a a minha fragilidade\u201d (Sl 39.4).<\/p>\n<p style=\"text-align: justify;\">2. N\u00e3o \u00e9 para que saiba quanto tempo vou viver, mas para conhecer minha fraqueza!<\/p>\n<p style=\"text-align: justify;\">\u201cPara que alcancemos cora\u00e7\u00f5es s\u00e1bios\u201d. Como se consegue cora\u00e7\u00e3o s\u00e1bio? O pr\u00f3prio Deus recomenda em Deuteron\u00f4mio 32:29 \u201cTomara fossem eles s\u00e1bios! Ent\u00e3o, entenderiam isto e atentariam para o seu fim\u201d. Entender o qu\u00ea? Entender que o sucesso da vida est\u00e1 em obedecer a Deus e seguir seus mandamentos, de que trata o cap\u00edtulo 32.<\/p>\n<p style=\"text-align: justify;\">A sabedoria consiste em adquirir conhecimento e saber us\u00e1-lo bem. Com base no AT, o conhecimento deve ser da lei de Deus. Toda sabedoria que despreza a lei de Deus \u00e9 v\u00e3 e nula.<\/p>\n<p style=\"text-align: justify;\">3. Precisamos entender que viver muito ou pouco, isto \u00e9, ter ou n\u00e3o longevidade est\u00e1 nas m\u00e3os de Deus.<\/p>\n<p style=\"text-align: justify;\">4. Nesta reflex\u00e3o, os s\u00e1bios refletiram por n\u00f3s. Compete a cada um de n\u00f3s viver no temor do Senhor: J\u00f3 28:28 \u201cE disse ao homem: Eis que o temor do Senhor \u00e9 a sabedoria, e o apartar-se do mal \u00e9 o entendimento\u201d.<\/p>\n<p style=\"text-align: justify;\">\u201cE, se clamares por intelig\u00eancia, e por entendimento al\u00e7ares a voz, se buscares a sabedoria como a prata e como a tesouros escondidos a procurares, ent\u00e3o, entender\u00e1s o temor do SENHOR e achar\u00e1s o conhecimento de Deus. Porque o SENHOR d\u00e1 a sabedoria, e da sua boca vem a intelig\u00eancia e o entendimento. Ele reserva a verdadeira sabedoria para os retos; \u00e9 escudo para os que caminham na sinceridade, 8 guarda as veredas do ju\u00edzo e conserva o caminho dos seus santos. Ent\u00e3o, entender\u00e1s justi\u00e7a, ju\u00edzo e eq\u00fcidade, todas as boas veredas. Porquanto a sabedoria entrar\u00e1 no teu cora\u00e7\u00e3o, e o conhecimento ser\u00e1 agrad\u00e1vel \u00e0 tua alma (Pv 2.3-10).<\/p>\n<p style=\"text-align: justify;\">O apelo de Mois\u00e9s:<\/p>\n<p style=\"text-align: justify;\">v. 13: Tem compaix\u00e3o de n\u00f3s! At\u00e9 quando? Essa pergunta revela a intimidade da pessoa com Deus!<\/p>\n<p style=\"text-align: justify;\">v. 14: De manh\u00e3, Senhor, bem cedo, alimenta-nos com tua benignidade, j\u00e1 que a vida \u00e9 t\u00e3o curta! Se a tua benignidade nos acompanhar \u2013 e for para n\u00f3s como alimento \u2013 apesar do tempo curto de vida, cantaremos e jubilaremos todos os nossos dias!<\/p>\n<p style=\"text-align: justify;\">v. 15: Que a tua b\u00ean\u00e7\u00e3o seja proporcional ao tempo de afli\u00e7\u00e3o. Se somos afligidos 40 anos, que sejam 40 anos de felicidade!<\/p>\n<p style=\"text-align: justify;\">v. 16: Que durante este tempo o Senhor mostre aos seus filhos a sua obra e as suas maravilhas!<\/p>\n<p style=\"text-align: justify;\">v. 17: Que tua gra\u00e7a venha sobre n\u00f3s e confirme tudo o que fizermos nesse pouco tempo que nos resta!<\/p>\n<p style=\"text-align: justify;\">Conclus\u00e3o: A melhor maneira de se adquirir sabedoria, \u00e9 escrever seu pr\u00f3prio epit\u00e1fio para colocar sobre seu t\u00famulo. Epit\u00e1fio vem de epi \u2013 sobre ou por cima de; e de tafo \u2013 t\u00famulo. \u201cAqui jaz&#8230;.\u201d. \u201cViveu para Deus e nunca se arrependeu\u201d. \u201cDeixou um rastro de gl\u00f3ria e de virtude\u201d. \u201cSua fam\u00edlia tem mais coisas positivas a respeito dele do que negativas\u201d. Etc.<\/p>\n","protected":false},"excerpt":{"rendered":"<p>Serm\u00e3o textual. Este Salmo cont\u00e9m apenas dezessete vers\u00edculos, e pode ser pregado num serm\u00e3o textual, expositivo. O autor \u00e9 Mois\u00e9s, que pode ter escrito tamb\u00e9m o Salmo 91. O Salmo&hellip; <\/p>\n","protected":false},"author":1,"featured_media":0,"comment_status":"open","ping_status":"open","sticky":false,"template":"","format":"standard","meta":{"footnotes":""},"categories":[91],"tags":[93],"class_list":["post-698","post","type-post","status-publish","format-standard","hentry","category-devocionais-salmos","tag-meditacao"],"_links":{"self":[{"href":"https:\/\/www.pastorjoaodesouza.com.br\/123\/index.php?rest_route=\/wp\/v2\/posts\/698","targetHints":{"allow":["GET"]}}],"collection":[{"href":"https:\/\/www.pastorjoaodesouza.com.br\/123\/index.php?rest_route=\/wp\/v2\/posts"}],"about":[{"href":"https:\/\/www.pastorjoaodesouza.com.br\/123\/index.php?rest_route=\/wp\/v2\/types\/post"}],"author":[{"embeddable":true,"href":"https:\/\/www.pastorjoaodesouza.com.br\/123\/index.php?rest_route=\/wp\/v2\/users\/1"}],"replies":[{"embeddable":true,"href":"https:\/\/www.pastorjoaodesouza.com.br\/123\/index.php?rest_route=%2Fwp%2Fv2%2Fcomments&post=698"}],"version-history":[{"count":0,"href":"https:\/\/www.pastorjoaodesouza.com.br\/123\/index.php?rest_route=\/wp\/v2\/posts\/698\/revisions"}],"wp:attachment":[{"href":"https:\/\/www.pastorjoaodesouza.com.br\/123\/index.php?rest_route=%2Fwp%2Fv2%2Fmedia&parent=698"}],"wp:term":[{"taxonomy":"category","embeddable":true,"href":"https:\/\/www.pastorjoaodesouza.com.br\/123\/index.php?rest_route=%2Fwp%2Fv2%2Fcategories&post=698"},{"taxonomy":"post_tag","embeddable":true,"href":"https:\/\/www.pastorjoaodesouza.com.br\/123\/index.php?rest_route=%2Fwp%2Fv2%2Ftags&post=698"}],"curies":[{"name":"wp","href":"https:\/\/api.w.org\/{rel}","templated":true}]}}