{"id":689,"date":"2009-01-06T16:42:48","date_gmt":"2009-01-06T18:42:48","guid":{"rendered":"http:\/\/www.pastorjoao.com.br\/123\/?p=689"},"modified":"2010-12-06T16:47:15","modified_gmt":"2010-12-06T18:47:15","slug":"689","status":"publish","type":"post","link":"https:\/\/www.pastorjoaodesouza.com.br\/123\/?p=689","title":{"rendered":"Salmo 73 &#8211; Quanto a mim&#8230;"},"content":{"rendered":"<div style=\"text-align: justify;\">\n<p><span style=\"color: #808080;\">\u00a0<\/span><span>Nota: O grande pregador Campbel Morgan me auxiliou muit\u00edssimo na prepara\u00e7\u00e3o deste serm\u00e3o. Mas, n\u00e3o me detive apenas nele, mas em outros coment\u00e1rios de Salmos como em The Preacher\u00b4s Homiletic Commmentary, no coment\u00e1rio de Willian Jones. <\/span><\/p>\n<\/div>\n<p style=\"text-align: justify;\">Se voc\u00ea tem interesse em estudar este Salmo, sugiro que primeira leia todo ele, e depois comece a estudar na ordem aqui apresentada.<\/p>\n<p style=\"text-align: justify;\">Com efeito, Deus \u00e9 bom para com Israel, para com os de cora\u00e7\u00e3o limpo.\u00a0 Quanto a mim, por\u00e9m, quase me resvalaram os p\u00e9s; pouco faltou para que se desviassem os meus passos (73.1-2).<\/p>\n<p style=\"text-align: justify;\">Int. Uma das caracter\u00edsticas dos salmos \u00e9 que seus autores abrem o jogo sobre si mesmos, seus problemas, suas reflex\u00f5es e suas d\u00favidas.<\/p>\n<p style=\"text-align: justify;\">Eles n\u00e3o querem se exibir. H\u00e1 pessoas que costumam confessar seus pecados para poder se exibir.<\/p>\n<p style=\"text-align: justify;\">Este Salmo come\u00e7a com uma declara\u00e7\u00e3o e termina com outra declara\u00e7\u00e3o. Entre estas temos a confiss\u00e3o de um autor, Asafe. Ele come\u00e7a com uma express\u00e3o de vit\u00f3ria, de alegria! Este homem conta sua experi\u00eancia particular, de olhar para a vida dos outros e comparar com a sua. Ele fornece uma descri\u00e7\u00e3o da vida dos outros.<\/p>\n<p style=\"text-align: justify;\">I \u2013 A perplexidade toma conta dos autores dos salmos.<\/p>\n<p style=\"text-align: justify;\">1. A perplexidade do autor n\u00e3o \u00e9 surpreendente. N\u00f3s estamos tratando da mente de Deus que \u00e9 diferente da mente humana. Temos a id\u00e9ia de que Deus \u00e9 obrigado a aben\u00e7oar os seus filhos e a dar-lhes tudo o que eles desejam. Mas Deus pensa diferentemente de n\u00f3s, como diz Isa\u00edas: \u201cOs meus pensamentos n\u00e3o s\u00e3o como os seus pensamentos, e eu n\u00e3o ajo como voc\u00eas. Assim como o c\u00e9u est\u00e1 muito acima da terra, assim os meus pensamentos e as minhas a\u00e7\u00f5es est\u00e3o muito acima dos seus\u201d (Is 55.8-9).<\/p>\n<p style=\"text-align: justify;\">2. A segunda coisa que vemos aqui \u00e9 que n\u00e3o \u00e9 pecado ficar perplexo. Tem crentes que acham que o c\u00e9u ser\u00e1 sempre azul, l\u00edmpido e brilhante. \u00c9 errado ficar num estado de desespero, mas n\u00e3o \u00e9 errado sentir-se perplexo. Paulo j\u00e1 dizia: \u201cPerplexos, mas n\u00e3o desanimados\u201d (2 Co 4.8). \u2013 Perplexidade: Indecis\u00e3o.<\/p>\n<p style=\"text-align: justify;\">a) Apesar de n\u00e3o ser pecado sentir-se perplexo, a perplexidade sempre abre a porta para a tenta\u00e7\u00e3o. A tenta\u00e7\u00e3o n\u00e3o apenas abala, ela pode derrubar o maior dos santos. Por isso o salmista diz: \u201cQuanto a mim, os meus p\u00e9s quase se desviaram&#8230;\u201d.\u00a0 Jamais esque\u00e7a que o poder do inimigo contra n\u00f3s somente \u00e9 inferior ao poder de Deus. Paulo diz: \u201cRevistam-se de toda armadura de Deus\u201d. Necessitamos de toda armadura divina para poder vencer as tenta\u00e7\u00f5es. Foi este tipo de tenta\u00e7\u00e3o que tomou conta da vida de Paulo em 2 Cor\u00edntios 12.<\/p>\n<p style=\"text-align: justify;\">3. A terceira coisa que vemos aqui \u00e9 que a tenta\u00e7\u00e3o produz cegueira espiritual. Veja como ele diz: \u201cPois eu invejava os arrogantes, ao ver a prosperidade dos perversos\u201d. A tenta\u00e7\u00e3o n\u00e3o deixa a gente pensar com clareza. \u201cVoc\u00ea n\u00e3o acha que n\u00e3o vale a pena se santificar, se abster de certas coisas, e ver que no fim, os outros ainda est\u00e3o melhor que n\u00f3s?\u201d (v 13). Parece que n\u00e3o adiantou nada eu me conservar puro e ter as m\u00e3os limpas de pecado. Ou\u00e7a o diabo sussurrando em seu ouvido: \u201cN\u00e3o adianta voc\u00ea querer se bonzinho; voc\u00ea \u00e9 mau por natureza&#8230;\u201d. \u201cN\u00e3o adianta ser crente. Os \u00edmpios n\u00e3o cr\u00eaem em Deus e vivem melhor que voc\u00ea!<\/p>\n<p style=\"text-align: justify;\">4. Temos de aprender a lidar com a tenta\u00e7\u00e3o quando ela vem. \u00c9 isto que o salmista tenta nos dizer. \u201cChegamos a conclus\u00e3o de que Deus \u00e9 bom para Israel\u201d. Mas, ser\u00e1 que ele \u00e9 sempre bom? Podemos dizer isto sem culpa? O salmista acrescenta: \u201c&#8230;para com os de cora\u00e7\u00e3o limpo\u201d. Como em Romanos 8.28: \u201cTodas as coisas cooperam para o bem dos amam a Deus&#8230;\u201d.<\/p>\n<p style=\"text-align: justify;\">A perplexidade n\u00e3o o levou \u00e0 queda, mas \u00e0 reflex\u00e3o!<\/p>\n<p style=\"text-align: justify;\">Hino: tentado n\u00e3o cedas, ceder \u00e9 pecar!<\/p>\n<p style=\"text-align: justify;\">II. Tomando p\u00e9 da situa\u00e7\u00e3o.<\/p>\n<p style=\"text-align: justify;\">\u201cSe eu tivesse falado como os maus, teria tra\u00eddo o teu povo. Ent\u00e3o eu me esforcei para entender essas coisas, mas isso era dif\u00edcil demais para mim\u201d (15-16).<\/p>\n<p style=\"text-align: justify;\">Os salmos n\u00e3o devem ser utilizados como tranq\u00fcilizantes; nem como um tratamento psicol\u00f3gico. Ou como poesia. Os salmos s\u00e3o tudo isto, mas eles t\u00eam como finalidade retratar a vida espiritual e as experi\u00eancias de seus autores. Olha para Jesus! Mas, isto n\u00e3o \u00e9 tudo. Deve haver disciplina. Se voc\u00ea estudar a vida dos puritanos, como Richard Baxter, dos metodistas, como os Wesleys e Whitfied, ver\u00e1 que eram disciplinados na vida crist\u00e3.<\/p>\n<p style=\"text-align: justify;\">1. A grande arte da vida crist\u00e3 \u00e9 aprender a refletir e dirigir-se a si mesmo. Ele se refreou. O texto acima pressup\u00f5e que o autor ia dizer algo, mas parou. Ia falar. Ficou quieto. Ele refletiu antes de falar novamente.<\/p>\n<p style=\"text-align: justify;\">III. A necessidade de revela\u00e7\u00e3o.<\/p>\n<p style=\"text-align: justify;\">\u201c&#8230;at\u00e9 que entrei no santu\u00e1rio de Deus e atinei com o fim deles\u201d (v 17).<\/p>\n<p style=\"text-align: justify;\">A capacidade de raciocinar e a reflex\u00e3o nem sempre t\u00eam todas as respostas. \u00c9 preciso que o homem receba um toque de revela\u00e7\u00e3o, uma luz para entender o que se passa.<\/p>\n<p style=\"text-align: justify;\">1. O que \u00e9 preciso para receber uma revela\u00e7\u00e3o?<\/p>\n<p style=\"text-align: justify;\">a) N\u00e3o se consegue uma revela\u00e7\u00e3o sem\u00a0 que se tenha fome e sede de Deus.<\/p>\n<p style=\"text-align: justify;\">Davi tamb\u00e9m se sentia ofendido por seus amigos que lhe perguntavam: \u201cOnde est\u00e1 o teu Deus?\u201d. Ele diz: \u201cComo suspira a cor\u00e7a pelas correntes das \u00e1guas, assim, por ti, \u00f3 Deus, suspira a minha alma. A minha alma tem sede de Deus, do Deus vivo; quando irei e me verei perante a face de Deus?\u201d (Sl 42.1-2).<\/p>\n<p style=\"text-align: justify;\">\u201cBem-aventurado aquele a quem escolhes e aproximas de ti, para que assista nos teus \u00e1trios; ficaremos satisfeitos com a bondade de tua casa\u2014o teu santo templo\u201d (Sl 65.4).<\/p>\n<p style=\"text-align: justify;\">A pessoa que tem sede de Deus, ora, clama, busca sua presen\u00e7a. Os Salmos est\u00e3o repletos deste tipo de clamor.<\/p>\n<p style=\"text-align: justify;\">b) Entrar no santu\u00e1rio, isto \u00e9, ficar frente com Deus. Foi o caso de J\u00f3. Depois que Deus fala com ele, exclama: \u201cBem sei que tudo podes, e nenhum dos teus planos pode ser frustrado. Quem \u00e9 aquele, como disseste, que sem conhecimento encobre o conselho? Na verdade, falei do que n\u00e3o entendia; coisas maravilhosas demais para mim, coisas que eu n\u00e3o conhecia. Escuta-me, pois, havias dito, e eu falarei; eu te perguntarei, e tu me ensinar\u00e1s. Eu te conhecia s\u00f3 de ouvir, mas agora os meus olhos te v\u00eaem\u201d (J\u00f3 42.2-5).<\/p>\n<p style=\"text-align: justify;\">O que \u00e9 entrar no santu\u00e1rio? \u00c9 buscar a Deus. Ir onde ele est\u00e1!<\/p>\n<p style=\"text-align: justify;\">Quando n\u00e3o temos revela\u00e7\u00e3o, falamos de coisas que n\u00e3o entendemos.<\/p>\n<p style=\"text-align: justify;\">\u201cQuando o cora\u00e7\u00e3o se me amargou e as entranhas se me comoveram, eu estava embrutecido e ignorante; era como um irracional \u00e0 tua presen\u00e7a\u201d (Sl 73.21-22).<\/p>\n<p style=\"text-align: justify;\">Ex. Foi o caso de Mois\u00e9s. Ele precisou ter uma revela\u00e7\u00e3o do car\u00e1ter de Deus (Ex 34.6-7). E tamb\u00e9m de todos os l\u00edderes da B\u00edblia. Eles tiveram um encontro com Deus. Como Abra\u00e3o que via o futuro, e viu os dias al\u00e9m da igreja!<\/p>\n<p style=\"text-align: justify;\">2. A revela\u00e7\u00e3o dissipa nossas d\u00favidas. Por isso Paulo pede que oremos pelos novos crentes para que tenha ilumina\u00e7\u00e3o divina. \u201c&#8230; para que o Deus de nosso Senhor Jesus Cristo, o Pai da gl\u00f3ria, vos conceda esp\u00edrito de sabedoria e de revela\u00e7\u00e3o no pleno conhecimento dele, iluminados os olhos do vosso cora\u00e7\u00e3o, para saberdes qual \u00e9 a esperan\u00e7a do seu chamamento, qual a riqueza da gl\u00f3ria da sua heran\u00e7a nos santos\u00a0 e qual a suprema grandeza do seu poder para com os que cremos, segundo a efic\u00e1cia da for\u00e7a do seu poder&#8230;\u201d (Ef 1.17).<\/p>\n<p style=\"text-align: justify;\">O que \u00e9 uma revela\u00e7\u00e3o divina? \u00c9 quando nossa mente, nossa raz\u00e3o, depois de grande luta se rende \u00e0 ilumina\u00e7\u00e3o do Esp\u00edrito de Deus.<\/p>\n<p style=\"text-align: justify;\">3. A revela\u00e7\u00e3o traz luz sobre n\u00f3s mesmos. A revela\u00e7\u00e3o de Deus N\u00c3O NOS MOSTRA APENAS SUA GL\u00d3RIA, mas nosso pecado. O salmista Asafe, aqui, ao entrar no santu\u00e1rio, n\u00e3o apenas descobre o destino dos \u00edmpios: ele v\u00ea o seu interior: \u201cEu era um bruto, um insensato, irracional, falei sem pensar, sem conhecer&#8230;\u201d. Toda pessoa que tem revela\u00e7\u00e3o de Deus v\u00ea o seu interior. A mesma experi\u00eancia teve Isa\u00edas no cap\u00edtulo 6. Ele viu o Senhor e a gl\u00f3ria do Senhor lan\u00e7ou luz sobre seu interior e ele viu seu pecado! \u201cAi de mim\u201d, gritou.<\/p>\n<p style=\"text-align: justify;\">Isa\u00edas disse: \u201cEu vi o Senhor&#8230;\u201d. Depois ele exclamou: \u201cEnt\u00e3o, disse eu: ai de mim! Estou perdido! Porque sou homem de l\u00e1bios impuros, habito no meio de um povo de impuros l\u00e1bios, e os meus olhos viram o Rei, o SENHOR dos Ex\u00e9rcitos!\u201d (Is 6.5).<\/p>\n<p style=\"text-align: justify;\">A introspec\u00e7\u00e3o sem a luz de Deus traz culpa e desatinos, mas com a luz de Deus traz respostas. A reflex\u00e3o apenas pode trazer confus\u00e3o, mas quando Deus jorra de sua luz sobre nossas mentes, entendemos com clareza.<\/p>\n<p style=\"text-align: justify;\">O que levou homens e mulheres de Deus a suportarem as dificuldades foi a revela\u00e7\u00e3o que tiveram de Deus e de seu prop\u00f3sito.<\/p>\n<p style=\"text-align: justify;\">Podemos ver isto em Abra\u00e3o que vivia em tendas porque aguardava a cidade que tem fundamentos; em Mois\u00e9s, que contemplava o galard\u00e3o; em Jos\u00e9 que deu ordens aos judeus sobre seus ossos&#8230; etc.<\/p>\n<p style=\"text-align: justify;\">Voltemos ao Salmo 73.<\/p>\n<p style=\"text-align: justify;\">No in\u00edcio ele diz: \u201cQuanto a mim&#8230;\u201d. Antes de ter revela\u00e7\u00e3o de Deus, quase se desviou. Agora no fim declara de novo: \u201cQuanto a mim, bom \u00e9 estar junto a Deus&#8230;\u201d (v 28). Apenas um olhar separa o homem das respostas que Deus tem para ele.<\/p>\n<p style=\"text-align: justify;\">Os dois \u201cquanto a mim\u201d no vers\u00edculo dois e depois no vinte e oito mostram que a experi\u00eancia que ele teve mudou sua maneira de pensar. Agora ele podia dizer que Deus \u00e9 bom pra com ele tamb\u00e9m!<\/p>\n","protected":false},"excerpt":{"rendered":"<p>\u00a0Nota: O grande pregador Campbel Morgan me auxiliou muit\u00edssimo na prepara\u00e7\u00e3o deste serm\u00e3o. Mas, n\u00e3o me detive apenas nele, mas em outros coment\u00e1rios de Salmos como em The Preacher\u00b4s Homiletic&hellip; <\/p>\n","protected":false},"author":1,"featured_media":0,"comment_status":"open","ping_status":"open","sticky":false,"template":"","format":"standard","meta":{"footnotes":""},"categories":[91],"tags":[93],"class_list":["post-689","post","type-post","status-publish","format-standard","hentry","category-devocionais-salmos","tag-meditacao"],"_links":{"self":[{"href":"https:\/\/www.pastorjoaodesouza.com.br\/123\/index.php?rest_route=\/wp\/v2\/posts\/689","targetHints":{"allow":["GET"]}}],"collection":[{"href":"https:\/\/www.pastorjoaodesouza.com.br\/123\/index.php?rest_route=\/wp\/v2\/posts"}],"about":[{"href":"https:\/\/www.pastorjoaodesouza.com.br\/123\/index.php?rest_route=\/wp\/v2\/types\/post"}],"author":[{"embeddable":true,"href":"https:\/\/www.pastorjoaodesouza.com.br\/123\/index.php?rest_route=\/wp\/v2\/users\/1"}],"replies":[{"embeddable":true,"href":"https:\/\/www.pastorjoaodesouza.com.br\/123\/index.php?rest_route=%2Fwp%2Fv2%2Fcomments&post=689"}],"version-history":[{"count":0,"href":"https:\/\/www.pastorjoaodesouza.com.br\/123\/index.php?rest_route=\/wp\/v2\/posts\/689\/revisions"}],"wp:attachment":[{"href":"https:\/\/www.pastorjoaodesouza.com.br\/123\/index.php?rest_route=%2Fwp%2Fv2%2Fmedia&parent=689"}],"wp:term":[{"taxonomy":"category","embeddable":true,"href":"https:\/\/www.pastorjoaodesouza.com.br\/123\/index.php?rest_route=%2Fwp%2Fv2%2Fcategories&post=689"},{"taxonomy":"post_tag","embeddable":true,"href":"https:\/\/www.pastorjoaodesouza.com.br\/123\/index.php?rest_route=%2Fwp%2Fv2%2Ftags&post=689"}],"curies":[{"name":"wp","href":"https:\/\/api.w.org\/{rel}","templated":true}]}}