{"id":3502,"date":"2026-04-26T18:03:03","date_gmt":"2026-04-26T20:03:03","guid":{"rendered":"https:\/\/www.pastorjoaodesouza.com.br\/123\/?p=3502"},"modified":"2026-04-26T18:03:03","modified_gmt":"2026-04-26T20:03:03","slug":"a-forca-da-caneta","status":"publish","type":"post","link":"https:\/\/www.pastorjoaodesouza.com.br\/123\/?p=3502","title":{"rendered":"A For\u00e7a da Caneta"},"content":{"rendered":"<p><a href=\"https:\/\/www.pastorjoaodesouza.com.br\/123\/?attachment_id=3505\" rel=\"attachment wp-att-3505\"><img loading=\"lazy\" decoding=\"async\" class=\"wp-image-3505 alignright\" src=\"https:\/\/www.pastorjoaodesouza.com.br\/123\/wp-content\/uploads\/2026\/04\/05b5b35fceb50c8c4d0e5df68f09889d-182x300.jpg\" alt=\"\" width=\"220\" height=\"362\" \/><\/a><\/p>\r\n\r\n<p><br \/>Jo\u00e3ozinho da Palho\u00e7a<br \/>Abril de 2025<br \/><br \/>\u201cEnt\u00e3o o Senhor disse a Mois\u00e9s: \u2014 Escreva isto para mem\u00f3ria num livro e repita-o a Josu\u00e9, porque eu vou apagar totalmente a mem\u00f3ria dos amalequitas da face da terra\u201d (Ex 17.14). <br \/>Deus disse a Mois\u00e9s: Escreva! E Mois\u00e9s escreveu! Teria escrito o livro de J\u00f3, legou-nos os cinco primeiros livros (o Pentateuco), dois lindos salmos, o 90 e o 91 e, apesar de ser \u00edntimo de Deus, exp\u00f4s com clareza suas derrotas e vit\u00f3rias. Nunca escondeu sua condi\u00e7\u00e3o humana. Ali\u00e1s, esta foi uma das caracter\u00edsticas dos amigos de Deus: Nunca esconderam suas fragilidades e derrotas.<br \/>Quantas coisas preciosas se perderam na hist\u00f3ria porque seus protagonistas n\u00e3o registraram seus feitos nem os de sua gera\u00e7\u00e3o! Escreviam em pedras, em pelos de animais, em papiros at\u00e9 que veio Gutenberg, com sua prensa, de quem Castro Alves em seu magistral poema disse: \u201cOh! Bendito o que semeia, livros, livros \u00e0 m\u00e3o cheia e manda o povo pensar! O livro caindo n\u2019alma \u00e9 germe que faz a palma e chuva que faz o mar\u201d. <br \/>Escreva a hist\u00f3ria de sua igreja, do seu bairro, da sua cidade; rememore para as gera\u00e7\u00f5es futuras acontecimentos que marcaram sua vida. E prepare-se para levar chicotadas! Meus primeiros livros contestaram sistemas lit\u00fargicos e denominacionais, foram proibidos de serem vendidos ou ignorados por lideran\u00e7as da igreja brasileira. Em 1973 escrevi o livreto \u201cPara onde vai a renova\u00e7\u00e3o?\u201d e levei um chute na traseira da denomina\u00e7\u00e3o que eu era membro e pastor. Perdi o sal\u00e1rio e fui jogado na rua! Quem se lembra de \u201cRatos de Igreja\u201d? Sem coment\u00e1rios! <br \/>Mas, nem por isso parei de escrever e tenho na mem\u00f3ria de meu computador livros escritos e nunca publicados. Quando eu me for desta vida, futriquem as pastas do computador e encontrar\u00e3o coisas boas e absurdas que escrevi!<br \/>Hoje ao ver uma nova gera\u00e7\u00e3o se lan\u00e7ando na tarefa de escrever, meu cora\u00e7\u00e3o se alegra, porque a caneta tem mais poder que estatutos e regras denominacionais. <br \/>Escreva! <br \/>A prop\u00f3sito: Nasci na Barra do Aririu, munic\u00edpio de Palho\u00e7a, SC numa col\u00f4nia de pescadores, numa casa de ch\u00e3o batido em 1946 \u00e0 luz de lamparina alimentada com \u00f3leo de baleia. Donald Trump e eu nascemos no mesmo dia e ano: ele num pa\u00eds que d\u00e1 chances de se prosperar e se tornou Presidente da maior na\u00e7\u00e3o do mundo; eu num pa\u00eds socialista em que o estado toma tudo o que voc\u00ea tiver e ainda lhe processa se chamar seus l\u00edderes de corruptos!<br \/><br \/><br \/><br \/><br \/><\/p>\r\n","protected":false},"excerpt":{"rendered":"<p>Jo\u00e3ozinho da Palho\u00e7aAbril de 2025 \u201cEnt\u00e3o o Senhor disse a Mois\u00e9s: \u2014 Escreva isto para mem\u00f3ria num livro e repita-o a Josu\u00e9, porque eu vou apagar totalmente a mem\u00f3ria dos&hellip; <\/p>\n","protected":false},"author":1,"featured_media":0,"comment_status":"open","ping_status":"open","sticky":false,"template":"","format":"standard","meta":{"footnotes":""},"categories":[27],"tags":[],"class_list":["post-3502","post","type-post","status-publish","format-standard","hentry","category-pastoreamento-de-pastores"],"_links":{"self":[{"href":"https:\/\/www.pastorjoaodesouza.com.br\/123\/index.php?rest_route=\/wp\/v2\/posts\/3502","targetHints":{"allow":["GET"]}}],"collection":[{"href":"https:\/\/www.pastorjoaodesouza.com.br\/123\/index.php?rest_route=\/wp\/v2\/posts"}],"about":[{"href":"https:\/\/www.pastorjoaodesouza.com.br\/123\/index.php?rest_route=\/wp\/v2\/types\/post"}],"author":[{"embeddable":true,"href":"https:\/\/www.pastorjoaodesouza.com.br\/123\/index.php?rest_route=\/wp\/v2\/users\/1"}],"replies":[{"embeddable":true,"href":"https:\/\/www.pastorjoaodesouza.com.br\/123\/index.php?rest_route=%2Fwp%2Fv2%2Fcomments&post=3502"}],"version-history":[{"count":4,"href":"https:\/\/www.pastorjoaodesouza.com.br\/123\/index.php?rest_route=\/wp\/v2\/posts\/3502\/revisions"}],"predecessor-version":[{"id":3508,"href":"https:\/\/www.pastorjoaodesouza.com.br\/123\/index.php?rest_route=\/wp\/v2\/posts\/3502\/revisions\/3508"}],"wp:attachment":[{"href":"https:\/\/www.pastorjoaodesouza.com.br\/123\/index.php?rest_route=%2Fwp%2Fv2%2Fmedia&parent=3502"}],"wp:term":[{"taxonomy":"category","embeddable":true,"href":"https:\/\/www.pastorjoaodesouza.com.br\/123\/index.php?rest_route=%2Fwp%2Fv2%2Fcategories&post=3502"},{"taxonomy":"post_tag","embeddable":true,"href":"https:\/\/www.pastorjoaodesouza.com.br\/123\/index.php?rest_route=%2Fwp%2Fv2%2Ftags&post=3502"}],"curies":[{"name":"wp","href":"https:\/\/api.w.org\/{rel}","templated":true}]}}