{"id":2726,"date":"2015-01-20T18:25:41","date_gmt":"2015-01-20T20:25:41","guid":{"rendered":"http:\/\/www.pastorjoao.com.br\/123\/?p=2726"},"modified":"2015-01-20T18:27:27","modified_gmt":"2015-01-20T20:27:27","slug":"pena-de-morte","status":"publish","type":"post","link":"https:\/\/www.pastorjoaodesouza.com.br\/123\/?p=2726","title":{"rendered":"Pena de morte"},"content":{"rendered":"<p style=\"text-align: justify;\">Recentemente estive num pa\u00eds em que milhares de pessoas foram fuziladas durante a revolu\u00e7\u00e3o pelas armas dos revolucion\u00e1rios. Um de seus l\u00edderes declarou na ONU que fuzilava os prisioneiros e que continuaria a fuzil\u00e1-los. A ONU silenciou.<br \/>\nA morte por fuzilamento do traficante brasileiro Marcos Archer reacendeu entre os leitores e o povo a quest\u00e3o da pena de morte; alguns aprovando-a, outros condenando-a. <!--more-->Cada pa\u00eds decide o que fazer com seus criminosos. Os Estados Unidos mant\u00e9m em alguns Estados a pena de morte; a China fuzila os l\u00edderes de governo que roubam da na\u00e7\u00e3o; os japoneses, com vergonha do que fizeram tiram a pr\u00f3pria vida, e assim, cada pa\u00eds \u00e9 livre para decidir o destino do seu povo e de si mesmos.<br \/>\nN\u00e3o estamos falando aqui das leis injustas de radicais mu\u00e7ulmanos que matam indiscriminadamente porque algu\u00e9m \u00e9 crist\u00e3o ou faz parte de uma etnia religiosa.<br \/>\nO Brasil, por sua vez tem leis severas, abrandadas por atalhos jur\u00eddicos. Os que roubam do governo \u2013 e olha que o roubo da Petrobr\u00e1s chega a 70 bilh\u00f5es de reais \u2013 s\u00e3o, uns e outros contemplados com regalias; os traficantes do Rio de Janeiro possuem um aparato de fogo maior que o da pol\u00edcia e decidem, eles mesmos a vida dos moradores das regi\u00f5es que controlam.<br \/>\nConforme o jornalista Alexandre Garcia, num de seus coment\u00e1rios de Bras\u00edlia, 150 pessoas morrem todos os dias no Brasil v\u00edtimas da viol\u00eancia de assaltos, balas perdidas ou por policiais, o que significa que existem hoje 150 pessoas no corredor da morte. Voc\u00ea e eu leitor, podemos fazer parte dessa estat\u00edstica a qualquer momento. Deus nos livre!<br \/>\nN\u00e3o \u00e9 preciso haver leis para pena de morte no Brasil; as leis existem nas m\u00e3os dos que nos governam quando assassinam nossa consci\u00eancia, roubam nosso patrim\u00f4nio, encobertam crimes; exploram a pedofilia e a prostitui\u00e7\u00e3o; matam no campo e na cidade&#8230; e homens que deveriam ser o exemplo da na\u00e7\u00e3o, t\u00eam eles mesmos a lei que determina quem deve morrer e quem deve viver! Que o diga Romeu Tuma Jr. Em seu livro Assassinato de Reputa\u00e7\u00f5es que revela os intestinos dos governos do PT. Que o diga Olavo de Carvalho refugiado nos Estados Unidos e que o digam os jornalistas que n\u00e3o se dobraram \u00e0 pena imposta a eles pelos altos chefes de governo que calaram a boca da apresentadora Raquel Sheherazade.<br \/>\nCalar\u00e3o a voz da igreja corrupta, mas n\u00e3o calar\u00e3o a voz dos profetas que clamam no deserto.<br \/>\nNo Brasil existe pena de morte que n\u00e3o \u00e9 regulamentada. Fosse regulamentada por leis severas, pela reforma do judici\u00e1rio e por maior dureza nas penitenci\u00e1rias, n\u00e3o precisar\u00edamos ser prisioneiros dentro de casa, com cercas altas eletrificadas, alarmes, c\u00e2maras de prote\u00e7\u00e3o, enquanto a pena de morte nos arrebata o dinheiro pela a\u00e7\u00e3o r\u00e1pida das seguradoras que, \u00e0 guisa de proteger nossos bens, nos exploram cada vez mais.<br \/>\nAqui no Brasil a pena de morte \u00e9 livre. S\u00e3o 50 mil pessoas todos os anos que s\u00e3o assassinadas nas ruas, em assaltos, nas penitenci\u00e1rias, nos \u00f4nibus, sem que haja autoridade para controlar. Acrescente-se a este dado outras 40 mil pessoas que morrem todos os anos nas rodovias deste pa\u00eds. S\u00e3o 90 mil pessoas que sofrem a pena de morte por viver nesta na\u00e7\u00e3o!<br \/>\nSim, porque a pior coisa para um brasileiro \u00e9 saber que vive num pa\u00eds repleto de leis, mas sem governo e sem autoridade!<br \/>\nPense nisto!<\/p>\n","protected":false},"excerpt":{"rendered":"<p>Recentemente estive num pa\u00eds em que milhares de pessoas foram fuziladas durante a revolu\u00e7\u00e3o pelas armas dos revolucion\u00e1rios. Um de seus l\u00edderes declarou na ONU que fuzilava os prisioneiros e&hellip; <\/p>\n","protected":false},"author":1,"featured_media":2727,"comment_status":"open","ping_status":"open","sticky":false,"template":"","format":"standard","meta":{"footnotes":""},"categories":[56],"tags":[69],"class_list":["post-2726","post","type-post","status-publish","format-standard","has-post-thumbnail","hentry","category-politica-e-atualidades","tag-sociedade"],"_links":{"self":[{"href":"https:\/\/www.pastorjoaodesouza.com.br\/123\/index.php?rest_route=\/wp\/v2\/posts\/2726","targetHints":{"allow":["GET"]}}],"collection":[{"href":"https:\/\/www.pastorjoaodesouza.com.br\/123\/index.php?rest_route=\/wp\/v2\/posts"}],"about":[{"href":"https:\/\/www.pastorjoaodesouza.com.br\/123\/index.php?rest_route=\/wp\/v2\/types\/post"}],"author":[{"embeddable":true,"href":"https:\/\/www.pastorjoaodesouza.com.br\/123\/index.php?rest_route=\/wp\/v2\/users\/1"}],"replies":[{"embeddable":true,"href":"https:\/\/www.pastorjoaodesouza.com.br\/123\/index.php?rest_route=%2Fwp%2Fv2%2Fcomments&post=2726"}],"version-history":[{"count":0,"href":"https:\/\/www.pastorjoaodesouza.com.br\/123\/index.php?rest_route=\/wp\/v2\/posts\/2726\/revisions"}],"wp:featuredmedia":[{"embeddable":true,"href":"https:\/\/www.pastorjoaodesouza.com.br\/123\/index.php?rest_route=\/wp\/v2\/media\/2727"}],"wp:attachment":[{"href":"https:\/\/www.pastorjoaodesouza.com.br\/123\/index.php?rest_route=%2Fwp%2Fv2%2Fmedia&parent=2726"}],"wp:term":[{"taxonomy":"category","embeddable":true,"href":"https:\/\/www.pastorjoaodesouza.com.br\/123\/index.php?rest_route=%2Fwp%2Fv2%2Fcategories&post=2726"},{"taxonomy":"post_tag","embeddable":true,"href":"https:\/\/www.pastorjoaodesouza.com.br\/123\/index.php?rest_route=%2Fwp%2Fv2%2Ftags&post=2726"}],"curies":[{"name":"wp","href":"https:\/\/api.w.org\/{rel}","templated":true}]}}