{"id":2722,"date":"2014-12-14T16:30:58","date_gmt":"2014-12-14T18:30:58","guid":{"rendered":"http:\/\/www.pastorjoao.com.br\/123\/?p=2722"},"modified":"2014-12-14T16:32:31","modified_gmt":"2014-12-14T18:32:31","slug":"dicas-praticas-para-perceber-e-curar-os-sintomas-de-um-avc-espiritual","status":"publish","type":"post","link":"https:\/\/www.pastorjoaodesouza.com.br\/123\/?p=2722","title":{"rendered":"Dicas pr\u00e1ticas para perceber e curar os sintomas de um AVC espiritual"},"content":{"rendered":"<p style=\"text-align: justify;\">1. Reconhe\u00e7a que voc\u00ea est\u00e1 se tornando um crente velho, rabugento, que n\u00e3o suporta o que \u00e9 novo e relevante tanto cultural quanto espiritualmente.<br \/>\nComo falei no artigo sobre denomina\u00e7\u00f5es que sofrem de AVC, os membros dessas igrejas s\u00f3 pensam no antigo.<br \/>\nA primeira reuni\u00e3o que fiz para o pessoal da terceira idade aqui na igreja foi chamada de \u201cculto da latinha\u201d. <!--more-->Minha esposa e eu levamos uma latinha de refrigerante para cada pessoa que ali compareceu.<br \/>\nSomente no final da reuni\u00e3o os irm\u00e3os entenderam o sentido da latinha. \u00c9 que os velhos sempre se recordam de sua cidade, da vida que tinham em sua igreja, dos tempos da mocidade, e costumam dizer: \u201cEm minha cidade, no meu tempo de jovem l\u00e1 tinha muito poder; l\u00e1 tinha muita un\u00e7\u00e3o etc. Fizemos um apelo a que esque\u00e7am as coisas que para tr\u00e1s ficam e avancem para as que diante de n\u00f3s est\u00e3o&#8230; \u00c9 poss\u00edvel que quatro gera\u00e7\u00f5es convivam numa mesma igreja, desde que nenhum deles sofra de AVC espiritual. Existem jovens que t\u00eam mente de velho; nunca se renovam. E existem velhos que fazem quest\u00e3o de nunca se renovar.<br \/>\n2. Reconhe\u00e7a que voc\u00ea n\u00e3o consegue entender a gera\u00e7\u00e3o de hoje, portanto, coloque-se no lugar dela.<br \/>\nAqui vai uma palavra aos mais velhos da igreja: N\u00e3o faz muito tempo que voc\u00ea tamb\u00e9m era jovem e reclamava que n\u00e3o era entendido pelos mais velhos da igreja nem por seus pastores. Tamb\u00e9m me lembro disso. Era chamado pelos pastores velhos de \u201cpastorzinho de cal\u00e7as curtas\u201d, insinuando que eu era ainda um menino. De fato, comecei no minist\u00e9rio ainda menino, com dezessete anos, ao longo dos anos fui mal-compreendido e o que me fez vencer foi o chamamento de Deus e a vontade de ver uma igreja restaurada.<br \/>\nE, por n\u00e3o ser entendido, durante um ano me foi cassada a permiss\u00e3o de pregar, dirigir louvores e tive que deixar tudo o que eu fazia. Cortaram-me o sal\u00e1rio. N\u00e3o me colocaram pra fora dos cargos ministeriais por haver pecado, mas porque era altru\u00edsta e vision\u00e1rio; n\u00e3o aceitava costumes antigos no vestir; e porque os cultos que eu dirigia e ministrava a palavra de Deus; cultos da mocidade eram mais freq\u00fcentados do que os cultos de domingos a noite. Fiquei um ano sentado no banco da igreja. Consegui um emprego de secret\u00e1rio bil\u00edng\u00fce, sem poder pagar meu aluguel; fui morar com meus sogros; e, porque tinha sonhos e objetivos espirituais, um ano depois dei in\u00edcio a primeira Comunidade Crist\u00e3 aqui no Brasil.<br \/>\nPor isso entendo as novas gera\u00e7\u00f5es e fico entusiasmado com o trabalho que pastores jovens desenvolvem com coragem, formando seus pr\u00f3prios minist\u00e9rios e seguindo adiante na obra do Senhor. Como falei no artigo sobre AVC algumas denomina\u00e7\u00f5es perdera uma gera\u00e7\u00e3o inteira de jovens nas d\u00e9cadas dos anos setentas e oitentas e continuam a perder por insistirem na velha tradi\u00e7\u00e3o de ter cultos nos moldes dos anos vintes e trintas.<br \/>\nAlegro-me sobremaneira com pastores jovens dessas denomina\u00e7\u00f5es que corajosamente desafiaram o sistema e n\u00e3o se deixaram abater pelo AVC espiritual. Apenas coloco-me hoje como guardi\u00e3o da f\u00e9 e dos ensinamentos apost\u00f3licos, pois sei diferenciar o que \u00e9 doutrin\u00e1rio do que \u00e9 cultural.<br \/>\nUm dos meus alunos de Escola Dominical, filho de pastor, que na ocasi\u00e3o tinha 13 anos de idade, j\u00e1 est\u00e1 completando sessenta anos de idade. Pastoreia uma denomina\u00e7\u00e3o jovem e din\u00e2mica. Seus pares s\u00e3o todos jovens. Ele, mais que ningu\u00e9m tamb\u00e9m entende os jovens. \u00c9 poss\u00edvel evitar o AVC espiritual.<br \/>\n3. Perceba o sintoma do AVC quando voc\u00ea quer que se cante nos cultos apenas os hinos dos hin\u00e1rios ou os c\u00e2nticos do tempo da sua juventude.<br \/>\nN\u00e3o estou falando de ritmos, conjuntos musicais nem de estilos de m\u00fasica. Porque posso pegar qualquer hino do hin\u00e1rio e colocar nele ritmo de samba, pagode e usar at\u00e9 o ritmo de valsa, comum nos hin\u00e1rios, para dan\u00e7ar, se assim o quiser. Mas, percebe-se o sintoma do AVC quando o crente faz quest\u00e3o de n\u00e3o aprender a nova can\u00e7\u00e3o. Sei que \u00e9 dif\u00edcil aos ouvidos acostumados a vida toda a ouvir melodias europ\u00e9ias ouvir as melodias dos novos c\u00e2nticos, mas experimente entrar no fluir da m\u00fasica e deixar que a letra fale ao seu cora\u00e7\u00e3o.<br \/>\nN\u00e3o me refiro aqui \u00e0s letras mal-escritas, sem conte\u00fado b\u00edblico, sem teologia, porque existem estes tipos de can\u00e7\u00f5es que predominam hoje nas igrejas, mas me refiro a letras b\u00edblicas, ainda que a melodia n\u00e3o seja do meu gosto! Se voc\u00ea est\u00e1 sempre saudoso dos velhos hinos compre os CDs e os ou\u00e7a em casa, no carro, no trabalho, mas n\u00e3o atrapalhe o mover do Esp\u00edrito Santo que tem usado novas letras e novas can\u00e7\u00f5es para levar a igreja a uma vida de santidade e poder.<br \/>\nQuando se escuta algo que n\u00e3o se entende costuma-se dizer, \u201cacho que estou ficando velho\u201d, e, est\u00e1 mesmo! Medique-se logo, pois o AVC espiritual est\u00e1 mui pr\u00f3ximo. Por outro lado, costumo dizer aos pastores jovens: Vez que outra escolham alguns hinos antigos que se encaixem no que o Esp\u00edrito Santo est\u00e1 dizendo para a igreja e tragam para a congrega\u00e7\u00e3o cantar. Os hin\u00e1rios t\u00eam hinos lind\u00edssimos, mas tamb\u00e9m t\u00eam hinos n\u00e3o b\u00edblicos; da mesma forma os c\u00e2nticos modernos t\u00eam hinos que s\u00e3o simples e lindos e outros incant\u00e1veis, isto \u00e9, que n\u00e3o se consegue cantar.<br \/>\n4. Reconhe\u00e7a que voc\u00ea est\u00e1 fisicamente velho e que precisa passar o bast\u00e3o.<br \/>\nSe voc\u00ea \u00e9 pastor treine os jovens. N\u00e3o adianta voc\u00ea gastar seu tempo treinando homens com mais de sessenta anos de idade. Podem ser bons colaboradores, mas n\u00e3o possuem mais a energia nem o pique necess\u00e1rio para trabalhar as vinte e quatro horas do dia. Treine os jovens. Decep\u00e7\u00e3o?<br \/>\nMas, n\u00e3o se esque\u00e7a que quem mais decepciona na igreja s\u00e3o aqueles velhos obreiros que est\u00e3o na \u201cfila\u201d e j\u00e1 envelheceram esperando sua oportunidade.<br \/>\nClaro que voc\u00ea ficar\u00e1 decepcionado aqui e acol\u00e1, mas, lembre-se: Todos os disc\u00edpulos do grupo dos Doze de Jesus eram da idade dele ou com menos idade ainda.<br \/>\nSabe por que aqueles doze ap\u00f3stolos revolucionaram o mundo? Porque eram cheios do poder de Deus e, cheios de vigor f\u00edsico. Podiam viajar longas dist\u00e2ncias a p\u00e9, dormir ao relento, sofrer a\u00e7oites, passar fome, porque seus corpos ag\u00fcentavam o cansa\u00e7o e o sono. Mas, querido pastor, seu colega de setenta anos de idade tem de saber que precisa abrir espa\u00e7o para a gera\u00e7\u00e3o que est\u00e1 vindo atr\u00e1s dele, e n\u00e3o pode ficar alimentando sonhos de querer ser seu substituto.<br \/>\nS\u00e3o situa\u00e7\u00f5es que experimento diariamente. O pastor a quem me submeto tem 42 anos de idade; eu n\u00e3o tenho a energia que ele tem para pastorear; mas, quando eu tinha a idade dele passava noites acordado, viajava 40 horas de \u00f4nibus, sem comer, sem dormir e tinha energia para uma partida de futebol entre uma palestra e outra. Hoje, sei qual \u00e9 meu espa\u00e7o na igreja e nem por isso perdi minha autoestima. No entanto, quando fazemos nossos retiros de pastores consigo manter o ritmo deles. Inda que meu corpo reclame!<br \/>\nNada de AVC espiritual. Atualize-se!<br \/>\nSei que \u00e9 preciso que nos atualizemos na tecnologia, nas comunica\u00e7\u00f5es modernas, no novo mundo virtual sem que para isso percamos o carisma e o poder.<br \/>\nAvante! Prossiga! Levante-se dessa zona de conforto e aceite os desafios de uma igreja mais contempor\u00e2nea. Uma igreja que tem ensinamento antigo que nunca envelhece, mas estruturas novas que suportam o tempo em que vivemos!<\/p>\n","protected":false},"excerpt":{"rendered":"<p>1. Reconhe\u00e7a que voc\u00ea est\u00e1 se tornando um crente velho, rabugento, que n\u00e3o suporta o que \u00e9 novo e relevante tanto cultural quanto espiritualmente. Como falei no artigo sobre denomina\u00e7\u00f5es&hellip; <\/p>\n","protected":false},"author":1,"featured_media":2719,"comment_status":"open","ping_status":"open","sticky":false,"template":"","format":"standard","meta":{"footnotes":""},"categories":[5],"tags":[],"class_list":["post-2722","post","type-post","status-publish","format-standard","has-post-thumbnail","hentry","category-analise-da-igreja-moderna"],"_links":{"self":[{"href":"https:\/\/www.pastorjoaodesouza.com.br\/123\/index.php?rest_route=\/wp\/v2\/posts\/2722","targetHints":{"allow":["GET"]}}],"collection":[{"href":"https:\/\/www.pastorjoaodesouza.com.br\/123\/index.php?rest_route=\/wp\/v2\/posts"}],"about":[{"href":"https:\/\/www.pastorjoaodesouza.com.br\/123\/index.php?rest_route=\/wp\/v2\/types\/post"}],"author":[{"embeddable":true,"href":"https:\/\/www.pastorjoaodesouza.com.br\/123\/index.php?rest_route=\/wp\/v2\/users\/1"}],"replies":[{"embeddable":true,"href":"https:\/\/www.pastorjoaodesouza.com.br\/123\/index.php?rest_route=%2Fwp%2Fv2%2Fcomments&post=2722"}],"version-history":[{"count":0,"href":"https:\/\/www.pastorjoaodesouza.com.br\/123\/index.php?rest_route=\/wp\/v2\/posts\/2722\/revisions"}],"wp:featuredmedia":[{"embeddable":true,"href":"https:\/\/www.pastorjoaodesouza.com.br\/123\/index.php?rest_route=\/wp\/v2\/media\/2719"}],"wp:attachment":[{"href":"https:\/\/www.pastorjoaodesouza.com.br\/123\/index.php?rest_route=%2Fwp%2Fv2%2Fmedia&parent=2722"}],"wp:term":[{"taxonomy":"category","embeddable":true,"href":"https:\/\/www.pastorjoaodesouza.com.br\/123\/index.php?rest_route=%2Fwp%2Fv2%2Fcategories&post=2722"},{"taxonomy":"post_tag","embeddable":true,"href":"https:\/\/www.pastorjoaodesouza.com.br\/123\/index.php?rest_route=%2Fwp%2Fv2%2Ftags&post=2722"}],"curies":[{"name":"wp","href":"https:\/\/api.w.org\/{rel}","templated":true}]}}