{"id":2001,"date":"2011-09-20T18:44:41","date_gmt":"2011-09-20T20:44:41","guid":{"rendered":"http:\/\/www.pastorjoao.com.br\/123\/?p=2001"},"modified":"2012-05-17T11:51:41","modified_gmt":"2012-05-17T13:51:41","slug":"igreja-a-lampada-de-deus-na-terra","status":"publish","type":"post","link":"https:\/\/www.pastorjoaodesouza.com.br\/123\/?p=2001","title":{"rendered":"Igreja, a l\u00e2mpada de Deus na terra"},"content":{"rendered":"<blockquote>\n<p style=\"text-align: justify;\" align=\"center\"><strong>\u201cV\u00f3s sois a luz do mundo\u201d (Mt 5.16).<\/strong><\/p>\n<p style=\"text-align: justify;\"><strong><em>\u201cVoc\u00eas s\u00e3o a luz para o mundo. N\u00e3o se pode esconder uma cidade constru\u00edda sobre um monte. Ningu\u00e9m acende uma lamparina para coloc\u00e1-la debaixo de um cesto. Pelo contr\u00e1rio, ela \u00e9 colocada no lugar pr\u00f3prio para que ilumine todos os que est\u00e3o na casa. Assim tamb\u00e9m a luz de voc\u00eas deve brilhar para que os outros vejam as coisas boas que voc\u00eas fazem e louvem o Pai de voc\u00eas, que est\u00e1 no c\u00e9u\u201d (Mt 5.14-16).<!--more--><\/em><\/strong><\/p>\n<\/blockquote>\n<p style=\"text-align: justify;\"><strong>I. Jesus \u00e9 a luz.<\/strong><\/p>\n<p style=\"text-align: justify;\">Ele diz de si mesmo: \u201cEu sou a luz do mundo; quem me segue n\u00e3o andar\u00e1 nas trevas; pelo contr\u00e1rio, ter\u00e1 a luz da vida\u201d (Jo 8.12). \u201cEnquanto estou no mundo, sou a luz do mundo\u201d (Jo 9.5).<\/p>\n<p style=\"text-align: justify;\">Outros textos que fala de Jesus como a luz do mundo:<\/p>\n<p style=\"text-align: justify;\">\u201cA vida estava nele e a vida era a luz dos homens\u201d (Jo 1.4).<\/p>\n<p style=\"text-align: justify;\">\u201c&#8230; a saber, a verdadeira luz, que, vinda ao mundo, ilumina a todo homem\u201d (Jo 1.9).<\/p>\n<p style=\"text-align: justify;\">\u201cO julgamento \u00e9 este: que a luz veio ao mundo, e os homens amaram mais as trevas do que a luz; porque as suas obras eram m\u00e1s\u201d (Jo 3.19).<\/p>\n<p style=\"text-align: justify;\">\u201cRespondeu-lhes Jesus: Ainda por um pouco a luz est\u00e1 convosco. Andai enquanto tendes a luz, para que as trevas n\u00e3o vos apanhem; e quem anda nas trevas n\u00e3o sabe para onde vai. Enquanto tendes a luz, crede na luz, para que vos torneis filhos da luz. Jesus disse estas coisas e, retirando-se, ocultou-se deles\u201d (Jo 12.35-36).<\/p>\n<p style=\"text-align: justify;\"><strong>II. N\u00f3s n\u00e3o somos luz, mas a lamparina que carrega a luz.<\/strong><\/p>\n<p style=\"text-align: justify;\">1. Luz do mundo n\u00e3o se encaixava nem para o maior dos profetas, Jo\u00e3o Batista. \u201cEle n\u00e3o era a luz, mas veio para que testificasse da luz, a saber, a verdadeira luz, que, vinda ao mundo, ilumina a todo homem\u201d (Jo 1.8-9).<\/p>\n<p style=\"text-align: justify;\">a) \u00c9 aplic\u00e1vel aqui aos disc\u00edpulos enquanto estes brilham com a luz de Cristo. Em lugar algum das Escrituras os crentes s\u00e3o chamados de luz. Os tradutores colocaram a palavra luz, mas o correto \u00e9 \u201clumin\u00e1ria\u201d, como em Filipenses 2.15: \u201c&#8230; para que vos torneis irrepreens\u00edveis e sinceros, filhos de Deus inculp\u00e1veis no meio de uma gera\u00e7\u00e3o pervertida e corrupta, na qual resplandeceis como <strong>luzeiros<\/strong> no mundo\u201d.<\/p>\n<p style=\"text-align: justify;\">2. Uma lamparina pode ser apenas decorativa; um candelabro, decorativo. Uma l\u00e2mpada, apagada! Em minha casa tenho lamparinas apagadas e l\u00e2mpadas que n\u00e3o iluminam!<\/p>\n<p style=\"text-align: justify;\">O pr\u00f3prio Jo\u00e3o Batista \u00e9 apresentado como a \u201cl\u00e2mpada que ardia e iluminava\u201d: \u201cEle era a l\u00e2mpada que ardia e alumiava, e v\u00f3s quisestes, por algum tempo, alegrar-vos com a sua luz. Mas&#8230; (Jo 5.35). Este \u201cmas\u201d aponta para as obras. Portanto, luz tem a ver com obras! \u201cMas eu tenho maior testemunho do que o de Jo\u00e3o; porque as obras que o Pai me confiou para que eu as realizasse, essas que eu fa\u00e7o testemunham a meu respeito de que o Pai me enviou\u201d (Jo 5,36).<\/p>\n<p style=\"text-align: justify;\">a) A luz tem que vir de alguma fonte; e a fonte \u00e9 Jesus!<\/p>\n<p style=\"text-align: justify;\">Deve-se observar que as duas figuras, sal e luz s\u00e3o muito interessantes e expressam a mesma fun\u00e7\u00e3o: O sal opera na massa, no interior, mas a luz opera no exterior. O sal diz respeito \u00e0s massas, a humanidade; a luz aos seus frutos. S\u00e3o semelhantes \u00e0 par\u00e1bola que Jesus ensinou do fermento e da semente de mostarda (Mt 13.31-33).<\/p>\n<p style=\"text-align: justify;\">3. O crente n\u00e3o pode esconder sua luz \u2013 Cristo \u2013 mas deve coloc\u00e1-la, isto \u00e9, exaltar a Cristo, coloc\u00e1-lo num lugar alto para que todos vejam! E a melhor maneira de mostrar a LUZ \u00e9 atrav\u00e9s das obras ou testemunho de vida!<\/p>\n<p style=\"text-align: justify;\">\u201cPois, outrora, \u00e9reis trevas, por\u00e9m, agora, sois luz no Senhor; andai como filhos da luz\u00a0 (porque o fruto da luz consiste em toda bondade, e justi\u00e7a, e verdade), provando sempre o que \u00e9 agrad\u00e1vel ao Senhor\u201d (Ef 5.8-10).<\/p>\n<p style=\"text-align: justify;\">4. Muitos crentes s\u00e3o apenas lamparinas ou l\u00e2mpadas apagadas, sem brilho, sem obras que n\u00e3o testificam da verdadeira luz!<\/p>\n<p style=\"text-align: justify;\">Devem brilhar como l\u00e2mpadas acessas.<\/p>\n<p style=\"text-align: justify;\">a) Pelo testemunho crist\u00e3o.<\/p>\n<p style=\"text-align: justify;\">b) Pela forma de viver. Arder e iluminar (Jo 5.35).<\/p>\n<p style=\"text-align: justify;\">Pelas palavras certas (Tg 3.13).<\/p>\n<p style=\"text-align: center;\"><strong>A luz brilha para mostrar o que existe ao redor, e n\u00e3o para chamar a aten\u00e7\u00e3o para si mesma!<\/strong><\/p>\n<p style=\"text-align: justify;\"><strong>III. A luz serve para alumiar e guiar, nunca para ofuscar e cegar. <\/strong><\/p>\n<p style=\"text-align: justify;\">A) Certos pregadores televisivos est\u00e3o mais para luz alta que cega quem olha pra eles, do que luz que alumia a estrada. Chamam mais aten\u00e7\u00e3o para si mesmos e para suas pr\u00f3prias obras do que para a verdadeira Luz que alumia o mundo.<\/p>\n<p style=\"text-align: justify;\">B) O verdadeiro crente \u00e9 luz que ilumina. O salmista compara a palavra de Deus a uma luz: \u201cL\u00e2mpada para os meus p\u00e9s \u00e9 a tua palavra e, luz para os meus caminhos\u201d (Sl 119.105).<\/p>\n<p style=\"text-align: justify;\">C) Davi era tido por Deus como uma l\u00e2mpada acesa em Israel que nunca deveria se apagar. \u201cPor\u00e9m o SENHOR n\u00e3o quis destruir a casa de Davi por causa da alian\u00e7a que com ele fizera, segundo a promessa que lhe havia feito de dar a ele, sempre, uma l\u00e2mpada e a seus filhos\u201d (2 Cr 21.7. Outros textos: 2 Sm 21.17; 1 Rs 11.36; 1 Rs 15.4).<\/p>\n<p style=\"text-align: justify;\"><strong>IV. Como viver para se tornar uma l\u00e2mpada de Deus?<\/strong><\/p>\n<p style=\"text-align: justify;\">A igreja primitiva se tornou a grande luz de Cristo manifestando a Cristo em tr\u00eas \u00e1reas:<\/p>\n<p style=\"text-align: justify;\">1. Pela manifesta\u00e7\u00e3o do poder de Deus.<\/p>\n<p style=\"text-align: justify;\">2. Pela qualidade de vida dos crentes.<\/p>\n<p style=\"text-align: justify;\">3. Pela pr\u00e1tica das obras e defesa da justi\u00e7a social.<\/p>\n<p style=\"text-align: justify;\">A) A igreja existe para aluminar o mundo com a vida de Cristo.<\/p>\n<p style=\"text-align: justify;\">1. Em cada cidade Deus tem o seu candelabro, a sua l\u00e2mpada. A igreja \u00e9 esta l\u00e2mpada. L\u00e2mpada sem azeite e que n\u00e3o ilumina n\u00e3o \u00e9 igreja. Pode ser clube, organiza\u00e7\u00e3o e at\u00e9 cemit\u00e9rio, mas n\u00e3o \u00e9 igreja. A verdadeira igreja \u2013 por mais fraca que seja, como algumas das sete igrejas do Apocalipse \u2013 Cristo passeia no meio dela, e esta reflete a Luz que brilha no mundo.<\/p>\n<p style=\"text-align: justify;\">2. A igreja de sua cidade est\u00e1 brilhando o qu\u00ea?<\/p>\n","protected":false},"excerpt":{"rendered":"<p>\u201cV\u00f3s sois a luz do mundo\u201d (Mt 5.16). \u201cVoc\u00eas s\u00e3o a luz para o mundo. N\u00e3o se pode esconder uma cidade constru\u00edda sobre um monte. Ningu\u00e9m acende uma lamparina para&hellip; <\/p>\n","protected":false},"author":1,"featured_media":2178,"comment_status":"open","ping_status":"open","sticky":false,"template":"","format":"standard","meta":{"footnotes":""},"categories":[73],"tags":[15,26],"class_list":["post-2001","post","type-post","status-publish","format-standard","has-post-thumbnail","hentry","category-esboco-de-sermoes","tag-igreja","tag-igreja-local"],"_links":{"self":[{"href":"https:\/\/www.pastorjoaodesouza.com.br\/123\/index.php?rest_route=\/wp\/v2\/posts\/2001","targetHints":{"allow":["GET"]}}],"collection":[{"href":"https:\/\/www.pastorjoaodesouza.com.br\/123\/index.php?rest_route=\/wp\/v2\/posts"}],"about":[{"href":"https:\/\/www.pastorjoaodesouza.com.br\/123\/index.php?rest_route=\/wp\/v2\/types\/post"}],"author":[{"embeddable":true,"href":"https:\/\/www.pastorjoaodesouza.com.br\/123\/index.php?rest_route=\/wp\/v2\/users\/1"}],"replies":[{"embeddable":true,"href":"https:\/\/www.pastorjoaodesouza.com.br\/123\/index.php?rest_route=%2Fwp%2Fv2%2Fcomments&post=2001"}],"version-history":[{"count":0,"href":"https:\/\/www.pastorjoaodesouza.com.br\/123\/index.php?rest_route=\/wp\/v2\/posts\/2001\/revisions"}],"wp:featuredmedia":[{"embeddable":true,"href":"https:\/\/www.pastorjoaodesouza.com.br\/123\/index.php?rest_route=\/wp\/v2\/media\/2178"}],"wp:attachment":[{"href":"https:\/\/www.pastorjoaodesouza.com.br\/123\/index.php?rest_route=%2Fwp%2Fv2%2Fmedia&parent=2001"}],"wp:term":[{"taxonomy":"category","embeddable":true,"href":"https:\/\/www.pastorjoaodesouza.com.br\/123\/index.php?rest_route=%2Fwp%2Fv2%2Fcategories&post=2001"},{"taxonomy":"post_tag","embeddable":true,"href":"https:\/\/www.pastorjoaodesouza.com.br\/123\/index.php?rest_route=%2Fwp%2Fv2%2Ftags&post=2001"}],"curies":[{"name":"wp","href":"https:\/\/api.w.org\/{rel}","templated":true}]}}