{"id":1162,"date":"2010-12-16T12:31:59","date_gmt":"2010-12-16T14:31:59","guid":{"rendered":"http:\/\/www.pastorjoao.com.br\/123\/?p=1162"},"modified":"2010-12-16T12:32:50","modified_gmt":"2010-12-16T14:32:50","slug":"por-que-lutar-contra-o-natal-j-lee-grady","status":"publish","type":"post","link":"https:\/\/www.pastorjoaodesouza.com.br\/123\/?p=1162","title":{"rendered":"Por que lutar contra o Natal? &#8211; J.Lee Grady"},"content":{"rendered":"<p style=\"text-align: justify;\">\u00c9 impressionante como os secularistas irados odeiam o Natal. \u00c9 tamb\u00e9m tr\u00e1gico que alguns crist\u00e3os puritanos julguem os demais crist\u00e3os porque estes celebram o Natal.<\/p>\n<p style=\"text-align: justify;\">Duas semanas depois de eu haver escrito sobre a forma como Deus trabalhou na vida das pessoas atrav\u00e9s da hist\u00f3ria do Natal, v\u00e1rios leitores escreveram para me lembrar que a celebra\u00e7\u00e3o do Natal \u00e9 pag\u00e3 e que a quest\u00e3o de dar e receber presentes \u00e9 a pr\u00f3pria revela\u00e7\u00e3o do inferno. Uma pessoa chegou a dizer que se sente desconfort\u00e1vel ao celebrar o Natal devido as suas origens demon\u00edacas.<\/p>\n<p style=\"text-align: justify;\">Voc\u00ea certamente convive com muitos crist\u00e3os que boicotam o Natal por v\u00e1rias raz\u00f5es, e tais pessoas insistem que:<\/p>\n<p style=\"text-align: justify;\">1. A festa se tornou um grande com\u00e9rcio que promove disc\u00f3rdia (At\u00e9 concordo).<\/p>\n<p style=\"text-align: justify;\">2. N\u00e3o se sabe quando Jesus nasceu. (Verdade \u2013 e a B\u00edblia silencia sobre a data. Contudo, alguns crist\u00e3os puritanos anti-natal\u00edcios insistem que Jesus nasceu no dia 11 de setembro do 3 a.C., durante a festa de Rosh Hoshan\u00e1!).<\/p>\n<p style=\"text-align: justify;\">3. Que o dia 25 de dezembro foi escolhido para \u201ccristianizar\u201d a festa pag\u00e3 da Saturn\u00e1lia, uma festa de inverno que celebrava o solst\u00edcio de inverno. (Pode ser verdade \u2013 mas o que h\u00e1 de errado em cristianizar alguma coisa? Fico feliz de que uma data pag\u00e3 foi substitu\u00edda por uma celebra\u00e7\u00e3o crist\u00e3!).<\/p>\n<p style=\"text-align: justify;\">4. Que a \u00e1rvore \u00e9 de tradi\u00e7\u00e3o pag\u00e3, j\u00e1 que os druidas criam que a \u00e1rvore verde tinha poderes m\u00e1gicos de afastar os dem\u00f4nios. (Quinta-feira \u2013 Thursday em ingl\u00eas \u2013 \u00e9 um dia da semana em homenagem ao Deus n\u00f3rdico Thor, mas ser\u00e1 que quando eu passo pela quinta-feira estarei adorando a Thor?). NT. A palavra Domingo em ingl\u00eas, Sunday \u00e9 em homenagem ao sol e assim os demais dias da semana em ingl\u00eas s\u00e3o homenagens a astros.<\/p>\n<p style=\"text-align: justify;\">5. O dia 25 de dezembro \u00e9 o anivers\u00e1rio de Ninrode, que mais tarde foi identificado como Baal, que depois se tornou Nicolau, e que mais tarde veio a se chamar Papai-Noel. Por esta raz\u00e3o, como ter certeza de que os dem\u00f4nios n\u00e3o estejam se escondendo por tr\u00e1s dos candelabros, dos ornamentos, das luzes, e dos panetones? (Eu sabia que tinha alguma coisa naquele panetone!).<\/p>\n<p style=\"text-align: justify;\">Devo admitir que nunca levei meus filhos a acreditarem em Papai-Noel, e n\u00e3o era porque eu tivesse medo de Baal, Ninrode ou de algum bispo turco disfar\u00e7ado, porque, estaria mentindo se afirmasse aos meus filhos que os presentes foram deixados ali por um velhinho; porque n\u00e3o gosto de fazer compras em shoppings, nem porque existe a possibilidade de trazer um estranho para dentro de minha casa para ver se meus filhos est\u00e3o dormindo profundamente.<\/p>\n<p style=\"text-align: justify;\">Confesso que gosto do Natal. Gosto das \u00e1rvores decoradas, dos ornamentos, das luzes, do cheiro, das comidas, da m\u00fasica, dos presentes e dos familiares e amigos que celebram comigo o nascimento de Jesus. Todos os ornamentos que uso apontam para Jesus \u2013 desde os sinos na frente da casa ao anjo fixado no topo do \u00e1rvore, e o pres\u00e9pio da manjedoura mostram que o Natal \u00e9 uma \u00e9poca maravilhosa do ano quando tenho a possibilidade de refletir sobre o milagre da encarna\u00e7\u00e3o de Cristo, seu nascimento milagroso, o que me d\u00e1 oportunidade de testemunhar do poder de Deus aos que se mostram tamb\u00e9m generosos.<\/p>\n<p style=\"text-align: justify;\">Faz tempo que as pessoas lutam contra o sentido do Natal, contra a tradi\u00e7\u00e3o de se presentear afirmando que a celebra\u00e7\u00e3o foi proibida pela igreja cat\u00f3lica romana na idade m\u00e9dia devido as suas origens pag\u00e3s. Foi ent\u00e3o que puritanos anti-cat\u00f3licos declararam guerra ao Natal na Inglaterra e baniram a data de 1647 a 1660, chamando-a de festival do Papa sem quaisquer justificativas. Nos Estados Unidos os puritanos de Massachusetts baniram a celebra\u00e7\u00e3o do Natal entre 1659 e 1681, durante a guerra civil e se tornou uma festa impopular com o argumento de que estava associada aos ingleses.<\/p>\n<p style=\"text-align: justify;\">O Natal se tornou feriado nacional em 1680. Hoje, apesar de que muitos crist\u00e3os pensem que o Natal se tornou apenas um com\u00e9rcio, os puristas querem eliminar quaisquer vest\u00edgios da encarna\u00e7\u00e3o de Cristo, anulando a celebra\u00e7\u00e3o do nascimento do Salvador. E levando o mundo a n\u00e3o ouvir nunca sobre o nascimento de Jesus.<\/p>\n<p style=\"text-align: justify;\">\u00c9 de se esperar que os ateus odeiem os crist\u00e3os. Est\u00e3o a\u00ed lutando para eliminar qualquer cena natal\u00edcia dos parques e querem que se pro\u00edba cantar m\u00fasicas natalinas nas escolas.\u00a0 O tr\u00e1gico \u00e9 quando os crist\u00e3os que deveriam usar da data como uma oportunidade de falar dos milagres da encarna\u00e7\u00e3o de Jesus para toda a sociedade \u2013 estejam banindo a data e at\u00e9 mesmo demonizando o Natal e, consequentemente o nascimento de Jesus.<\/p>\n<p style=\"text-align: justify;\">Celebre o Natal do seu jeito, por todos os meios. Se voc\u00ea acha que estar\u00e1 ofendendo algu\u00e9m ao enviar um cart\u00e3o de felicita\u00e7\u00f5es ou fazer qualquer decora\u00e7\u00e3o, saiba que a maioria das pessoas n\u00e3o pensam como voc\u00ea. N\u00e3o vou julgar voc\u00ea por seu posicionamento. Mas, por favor, n\u00e3o julgue os demais s\u00f3 porque eles celebram o que \u00e9 puro e decente e cheio de significado nesta \u00e9poca do ano.<\/p>\n<p style=\"text-align: justify;\">P.S. Feliz Natal!<\/p>\n<p style=\"text-align: justify;\">\n<p style=\"text-align: justify;\">J.Lee Grady \u00e9 editor de Charisma.<\/p>\n<p>Tradu\u00e7\u00e3o de Jo\u00e3o A. de Souza Filho<\/p>\n<p style=\"text-align: justify;\">\n<p style=\"text-align: justify;\">Desejo aos meus leitores Boas-Festas e Feliz 2011!<\/p>\n","protected":false},"excerpt":{"rendered":"<p>\u00c9 impressionante como os secularistas irados odeiam o Natal. \u00c9 tamb\u00e9m tr\u00e1gico que alguns crist\u00e3os puritanos julguem os demais crist\u00e3os porque estes celebram o Natal. Duas semanas depois de eu&hellip; <\/p>\n","protected":false},"author":1,"featured_media":1163,"comment_status":"open","ping_status":"open","sticky":false,"template":"","format":"standard","meta":{"footnotes":""},"categories":[30],"tags":[100,28],"class_list":["post-1162","post","type-post","status-publish","format-standard","has-post-thumbnail","hentry","category-historia-da-igreja","tag-natal","tag-traducao"],"_links":{"self":[{"href":"https:\/\/www.pastorjoaodesouza.com.br\/123\/index.php?rest_route=\/wp\/v2\/posts\/1162","targetHints":{"allow":["GET"]}}],"collection":[{"href":"https:\/\/www.pastorjoaodesouza.com.br\/123\/index.php?rest_route=\/wp\/v2\/posts"}],"about":[{"href":"https:\/\/www.pastorjoaodesouza.com.br\/123\/index.php?rest_route=\/wp\/v2\/types\/post"}],"author":[{"embeddable":true,"href":"https:\/\/www.pastorjoaodesouza.com.br\/123\/index.php?rest_route=\/wp\/v2\/users\/1"}],"replies":[{"embeddable":true,"href":"https:\/\/www.pastorjoaodesouza.com.br\/123\/index.php?rest_route=%2Fwp%2Fv2%2Fcomments&post=1162"}],"version-history":[{"count":0,"href":"https:\/\/www.pastorjoaodesouza.com.br\/123\/index.php?rest_route=\/wp\/v2\/posts\/1162\/revisions"}],"wp:featuredmedia":[{"embeddable":true,"href":"https:\/\/www.pastorjoaodesouza.com.br\/123\/index.php?rest_route=\/wp\/v2\/media\/1163"}],"wp:attachment":[{"href":"https:\/\/www.pastorjoaodesouza.com.br\/123\/index.php?rest_route=%2Fwp%2Fv2%2Fmedia&parent=1162"}],"wp:term":[{"taxonomy":"category","embeddable":true,"href":"https:\/\/www.pastorjoaodesouza.com.br\/123\/index.php?rest_route=%2Fwp%2Fv2%2Fcategories&post=1162"},{"taxonomy":"post_tag","embeddable":true,"href":"https:\/\/www.pastorjoaodesouza.com.br\/123\/index.php?rest_route=%2Fwp%2Fv2%2Ftags&post=1162"}],"curies":[{"name":"wp","href":"https:\/\/api.w.org\/{rel}","templated":true}]}}